{"id":953,"date":"2019-08-09T10:25:03","date_gmt":"2019-08-09T09:25:03","guid":{"rendered":"https:\/\/www.aux2cheveux.fr\/?p=953"},"modified":"2019-08-09T10:25:03","modified_gmt":"2019-08-09T09:25:03","slug":"vacances","status":"publish","type":"post","link":"https:\/\/www.aux2cheveux.fr\/index.php\/2019\/08\/09\/vacances\/","title":{"rendered":"Vacances"},"content":{"rendered":"\n<p><strong>Le salon sera ferm\u00e9 du 12 au 18 ao\u00fbt 2019,<\/strong> <strong>rendez-vous en pleine forme le lundi 19 ao\u00fbt d\u00e8s 9h ! <\/strong><\/p>\n\n\n\n<p><strong>Et n\u2019oubliez pas vous avez la <a href=\"https:\/\/bit.ly\/2xV55AP\">possibilit\u00e9 de prendre vos rendez-vous en ligne<\/a> gratuitement 7j\/7 &amp; 24h\/24 avec PLANITY <\/strong><\/p>\n","protected":false},"excerpt":{"rendered":"<p>Le salon sera ferm\u00e9 du 12 au 18 ao\u00fbt 2019, rendez-vous en pleine forme le lundi 19 ao\u00fbt d\u00e8s 9h ! Et n\u2019oubliez pas vous avez la possibilit\u00e9 de prendre vos rendez-vous en ligne gratuitement 7j\/7 &amp; 24h\/24 avec PLANITY<\/p>\n","protected":false},"author":1,"featured_media":954,"comment_status":"closed","ping_status":"closed","sticky":false,"template":"","format":"standard","meta":{"footnotes":""},"categories":[6,12],"tags":[],"class_list":["post-953","post","type-post","status-publish","format-standard","has-post-thumbnail","hentry","category-actualite","category-news"],"_links":{"self":[{"href":"https:\/\/www.aux2cheveux.fr\/index.php\/wp-json\/wp\/v2\/posts\/953","targetHints":{"allow":["GET"]}}],"collection":[{"href":"https:\/\/www.aux2cheveux.fr\/index.php\/wp-json\/wp\/v2\/posts"}],"about":[{"href":"https:\/\/www.aux2cheveux.fr\/index.php\/wp-json\/wp\/v2\/types\/post"}],"author":[{"embeddable":true,"href":"https:\/\/www.aux2cheveux.fr\/index.php\/wp-json\/wp\/v2\/users\/1"}],"replies":[{"embeddable":true,"href":"https:\/\/www.aux2cheveux.fr\/index.php\/wp-json\/wp\/v2\/comments?post=953"}],"version-history":[{"count":1,"href":"https:\/\/www.aux2cheveux.fr\/index.php\/wp-json\/wp\/v2\/posts\/953\/revisions"}],"predecessor-version":[{"id":955,"href":"https:\/\/www.aux2cheveux.fr\/index.php\/wp-json\/wp\/v2\/posts\/953\/revisions\/955"}],"wp:featuredmedia":[{"embeddable":true,"href":"https:\/\/www.aux2cheveux.fr\/index.php\/wp-json\/wp\/v2\/media\/954"}],"wp:attachment":[{"href":"https:\/\/www.aux2cheveux.fr\/index.php\/wp-json\/wp\/v2\/media?parent=953"}],"wp:term":[{"taxonomy":"category","embeddable":true,"href":"https:\/\/www.aux2cheveux.fr\/index.php\/wp-json\/wp\/v2\/categories?post=953"},{"taxonomy":"post_tag","embeddable":true,"href":"https:\/\/www.aux2cheveux.fr\/index.php\/wp-json\/wp\/v2\/tags?post=953"}],"curies":[{"name":"wp","href":"https:\/\/api.w.org\/{rel}","templated":true}]}}