{"id":834,"date":"2018-09-14T15:55:56","date_gmt":"2018-09-14T14:55:56","guid":{"rendered":"https:\/\/www.aux2cheveux.fr\/?p=834"},"modified":"2018-09-14T15:57:37","modified_gmt":"2018-09-14T14:57:37","slug":"rdv-au-salon-des-evenements","status":"publish","type":"post","link":"https:\/\/www.aux2cheveux.fr\/index.php\/2018\/09\/14\/rdv-au-salon-des-evenements\/","title":{"rendered":"RDV au Salon des \u00c9v\u00e9nements"},"content":{"rendered":"<p><strong>Rendez-vous le samedi 29 et le dimanche 30 septembre<\/strong> au Salon des \u00c9v\u00e9nements, au complexe des Lauzi\u00e8res \u00e0 Ch\u00e2teau-Arnoux de 9h30 \u00e0 18h30 ( Entr\u00e9e 2\u20ac gratuit pour les &#8211; de 12 ans)<\/p>\n<p>Ce salon r\u00e9uni divers prestataires pouvant \u00eatre contact\u00e9s lors de mariage, bapt\u00eame, naissance, fian\u00e7ailles, anniversaire, baby shower, enterrement de vie de c\u00e9libataire et toute autre f\u00eate. Une quarantaine d\u2019exposants ainsi qu\u2019une programmation sur sc\u00e8ne (d\u00e9fil\u00e9s de robes, d\u00e9fil\u00e9s de lingerie, magie, etc.).<\/p>\n<p>Le salon Aux 2 Cheveux sera repr\u00e9sent\u00e9 par sa fid\u00e8le \u00e9quipe et vous proposera des d\u00e9monstrations coiffure tout au long de ce week-end.<\/p>\n<p>Pour cette occasion un partenariat avec \u00ab A l&rsquo;Institut \u00bb vous est propos\u00e9 afin de b\u00e9n\u00e9ficiez de tarifs avantageux \u00ab\u00a0Sp\u00e9cial Mariage\u00a0\u00bb, alors <strong>ne perdez pas une minute et n\u2019h\u00e9sitez pas \u00e0 venir nous voir !<\/strong><\/p>\n<p><a href=\"https:\/\/www.aux2cheveux.fr\/wp-content\/uploads\/FLYER-salon-evenements-02.pdf\"><img loading=\"lazy\" decoding=\"async\" class=\"size-large wp-image-686 aligncenter\" src=\"http:\/\/www.a-l-institut.fr\/wp-content\/uploads\/2018\/09\/FLYER-salon-evenements-02-682x1024.png\" alt=\"\" width=\"682\" height=\"1024\" \/><\/a><\/p>\n","protected":false},"excerpt":{"rendered":"<p>Rendez-vous le samedi 29 et le dimanche 30 septembre au Salon des \u00c9v\u00e9nements, au complexe des Lauzi\u00e8res \u00e0 Ch\u00e2teau-Arnoux de 9h30 \u00e0 18h30 ( Entr\u00e9e 2\u20ac gratuit pour les &#8211; de 12 ans) Ce salon r\u00e9uni divers prestataires pouvant \u00eatre contact\u00e9s lors de mariage, bapt\u00eame, naissance, fian\u00e7ailles, anniversaire, baby shower, enterrement de vie de c\u00e9libataire [&hellip;]<\/p>\n","protected":false},"author":1,"featured_media":758,"comment_status":"closed","ping_status":"open","sticky":false,"template":"","format":"standard","meta":{"footnotes":""},"categories":[6,12],"tags":[],"class_list":["post-834","post","type-post","status-publish","format-standard","has-post-thumbnail","hentry","category-actualite","category-news"],"_links":{"self":[{"href":"https:\/\/www.aux2cheveux.fr\/index.php\/wp-json\/wp\/v2\/posts\/834","targetHints":{"allow":["GET"]}}],"collection":[{"href":"https:\/\/www.aux2cheveux.fr\/index.php\/wp-json\/wp\/v2\/posts"}],"about":[{"href":"https:\/\/www.aux2cheveux.fr\/index.php\/wp-json\/wp\/v2\/types\/post"}],"author":[{"embeddable":true,"href":"https:\/\/www.aux2cheveux.fr\/index.php\/wp-json\/wp\/v2\/users\/1"}],"replies":[{"embeddable":true,"href":"https:\/\/www.aux2cheveux.fr\/index.php\/wp-json\/wp\/v2\/comments?post=834"}],"version-history":[{"count":3,"href":"https:\/\/www.aux2cheveux.fr\/index.php\/wp-json\/wp\/v2\/posts\/834\/revisions"}],"predecessor-version":[{"id":838,"href":"https:\/\/www.aux2cheveux.fr\/index.php\/wp-json\/wp\/v2\/posts\/834\/revisions\/838"}],"wp:featuredmedia":[{"embeddable":true,"href":"https:\/\/www.aux2cheveux.fr\/index.php\/wp-json\/wp\/v2\/media\/758"}],"wp:attachment":[{"href":"https:\/\/www.aux2cheveux.fr\/index.php\/wp-json\/wp\/v2\/media?parent=834"}],"wp:term":[{"taxonomy":"category","embeddable":true,"href":"https:\/\/www.aux2cheveux.fr\/index.php\/wp-json\/wp\/v2\/categories?post=834"},{"taxonomy":"post_tag","embeddable":true,"href":"https:\/\/www.aux2cheveux.fr\/index.php\/wp-json\/wp\/v2\/tags?post=834"}],"curies":[{"name":"wp","href":"https:\/\/api.w.org\/{rel}","templated":true}]}}