{"id":829,"date":"2018-08-03T08:58:04","date_gmt":"2018-08-03T07:58:04","guid":{"rendered":"https:\/\/www.aux2cheveux.fr\/?p=829"},"modified":"2018-08-03T08:58:42","modified_gmt":"2018-08-03T07:58:42","slug":"pause-estivale","status":"publish","type":"post","link":"https:\/\/www.aux2cheveux.fr\/index.php\/2018\/08\/03\/pause-estivale\/","title":{"rendered":"Une petite pause&#8230;"},"content":{"rendered":"<p>Le salon Aux 2 Cheveux sera ferm\u00e9 du lundi 13 au dimanche 19 ao\u00fbt 2018.<\/p>\n<p>Une permanence t\u00e9l\u00e9phonique sera disponible au 04 92 32 46 54 avec prise de RDV possible.<\/p>\n<p>Une urgence, le salon ADDICTIF s&rsquo;occupe de vous\u00a0 !<\/p>\n<p>( <span class=\"LrzXr\">8 Avenue du 8 Mai 1945 &#8211; Intermarch\u00e9\u00a0 &#8211;\u00a0 04000 Digne-les-Bains)<\/span><\/p>\n","protected":false},"excerpt":{"rendered":"<p>Le salon Aux 2 Cheveux sera ferm\u00e9 du lundi 13 au dimanche 19 ao\u00fbt 2018. Une permanence t\u00e9l\u00e9phonique sera disponible au 04 92 32 46 54 avec prise de RDV possible. Une urgence, le salon ADDICTIF s&rsquo;occupe de vous\u00a0 ! ( 8 Avenue du 8 Mai 1945 &#8211; Intermarch\u00e9\u00a0 &#8211;\u00a0 04000 Digne-les-Bains)<\/p>\n","protected":false},"author":1,"featured_media":830,"comment_status":"closed","ping_status":"open","sticky":false,"template":"","format":"standard","meta":{"footnotes":""},"categories":[6,12],"tags":[],"class_list":["post-829","post","type-post","status-publish","format-standard","has-post-thumbnail","hentry","category-actualite","category-news"],"_links":{"self":[{"href":"https:\/\/www.aux2cheveux.fr\/index.php\/wp-json\/wp\/v2\/posts\/829","targetHints":{"allow":["GET"]}}],"collection":[{"href":"https:\/\/www.aux2cheveux.fr\/index.php\/wp-json\/wp\/v2\/posts"}],"about":[{"href":"https:\/\/www.aux2cheveux.fr\/index.php\/wp-json\/wp\/v2\/types\/post"}],"author":[{"embeddable":true,"href":"https:\/\/www.aux2cheveux.fr\/index.php\/wp-json\/wp\/v2\/users\/1"}],"replies":[{"embeddable":true,"href":"https:\/\/www.aux2cheveux.fr\/index.php\/wp-json\/wp\/v2\/comments?post=829"}],"version-history":[{"count":2,"href":"https:\/\/www.aux2cheveux.fr\/index.php\/wp-json\/wp\/v2\/posts\/829\/revisions"}],"predecessor-version":[{"id":832,"href":"https:\/\/www.aux2cheveux.fr\/index.php\/wp-json\/wp\/v2\/posts\/829\/revisions\/832"}],"wp:featuredmedia":[{"embeddable":true,"href":"https:\/\/www.aux2cheveux.fr\/index.php\/wp-json\/wp\/v2\/media\/830"}],"wp:attachment":[{"href":"https:\/\/www.aux2cheveux.fr\/index.php\/wp-json\/wp\/v2\/media?parent=829"}],"wp:term":[{"taxonomy":"category","embeddable":true,"href":"https:\/\/www.aux2cheveux.fr\/index.php\/wp-json\/wp\/v2\/categories?post=829"},{"taxonomy":"post_tag","embeddable":true,"href":"https:\/\/www.aux2cheveux.fr\/index.php\/wp-json\/wp\/v2\/tags?post=829"}],"curies":[{"name":"wp","href":"https:\/\/api.w.org\/{rel}","templated":true}]}}