{"id":804,"date":"2018-02-24T14:01:42","date_gmt":"2018-02-24T13:01:42","guid":{"rendered":"https:\/\/www.aux2cheveux.fr\/?p=804"},"modified":"2018-02-24T14:01:42","modified_gmt":"2018-02-24T13:01:42","slug":"fermeture-hivernale","status":"publish","type":"post","link":"https:\/\/www.aux2cheveux.fr\/index.php\/2018\/02\/24\/fermeture-hivernale\/","title":{"rendered":"Fermeture hivernale"},"content":{"rendered":"<p>Aux 2 Cheveux sera ferm\u00e9 du 26 f\u00e9vrier au 3 mars 2018.<\/p>\n<p>Une permanence t\u00e9l\u00e9phonique sera disponible au 04 92 32 46 54 avec prise de RDV possible.<\/p>\n","protected":false},"excerpt":{"rendered":"<p>Aux 2 Cheveux sera ferm\u00e9 du 26 f\u00e9vrier au 3 mars 2018. Une permanence t\u00e9l\u00e9phonique sera disponible au 04 92 32 46 54 avec prise de RDV possible.<\/p>\n","protected":false},"author":1,"featured_media":805,"comment_status":"closed","ping_status":"open","sticky":false,"template":"","format":"standard","meta":{"footnotes":""},"categories":[6,12],"tags":[],"class_list":["post-804","post","type-post","status-publish","format-standard","has-post-thumbnail","hentry","category-actualite","category-news"],"_links":{"self":[{"href":"https:\/\/www.aux2cheveux.fr\/index.php\/wp-json\/wp\/v2\/posts\/804","targetHints":{"allow":["GET"]}}],"collection":[{"href":"https:\/\/www.aux2cheveux.fr\/index.php\/wp-json\/wp\/v2\/posts"}],"about":[{"href":"https:\/\/www.aux2cheveux.fr\/index.php\/wp-json\/wp\/v2\/types\/post"}],"author":[{"embeddable":true,"href":"https:\/\/www.aux2cheveux.fr\/index.php\/wp-json\/wp\/v2\/users\/1"}],"replies":[{"embeddable":true,"href":"https:\/\/www.aux2cheveux.fr\/index.php\/wp-json\/wp\/v2\/comments?post=804"}],"version-history":[{"count":1,"href":"https:\/\/www.aux2cheveux.fr\/index.php\/wp-json\/wp\/v2\/posts\/804\/revisions"}],"predecessor-version":[{"id":806,"href":"https:\/\/www.aux2cheveux.fr\/index.php\/wp-json\/wp\/v2\/posts\/804\/revisions\/806"}],"wp:featuredmedia":[{"embeddable":true,"href":"https:\/\/www.aux2cheveux.fr\/index.php\/wp-json\/wp\/v2\/media\/805"}],"wp:attachment":[{"href":"https:\/\/www.aux2cheveux.fr\/index.php\/wp-json\/wp\/v2\/media?parent=804"}],"wp:term":[{"taxonomy":"category","embeddable":true,"href":"https:\/\/www.aux2cheveux.fr\/index.php\/wp-json\/wp\/v2\/categories?post=804"},{"taxonomy":"post_tag","embeddable":true,"href":"https:\/\/www.aux2cheveux.fr\/index.php\/wp-json\/wp\/v2\/tags?post=804"}],"curies":[{"name":"wp","href":"https:\/\/api.w.org\/{rel}","templated":true}]}}