{"id":1513,"date":"2026-01-30T16:53:44","date_gmt":"2026-01-30T15:53:44","guid":{"rendered":"https:\/\/www.aux2cheveux.fr\/?p=1513"},"modified":"2026-01-30T16:53:44","modified_gmt":"2026-01-30T15:53:44","slug":"don-de-cheveux","status":"publish","type":"post","link":"https:\/\/www.aux2cheveux.fr\/index.php\/2026\/01\/30\/don-de-cheveux\/","title":{"rendered":"Don de cheveux"},"content":{"rendered":"\n<p>Et si vous faisiez une bonne action pour cl\u00f4turer l\u2019ann\u00e9e&nbsp;?<\/p>\n\n\n\n<p>Chez Aux 2 Cheveux, chaque coupe peut faire la diff\u00e9rence gr\u00e2ce \u00e0 nos 2 actions solidaires :<\/p>\n\n\n\n<p><strong>1> Un geste, une m\u00e8che, un sourire retrouv\u00e9<\/strong><\/p>\n\n\n\n<ol class=\"wp-block-list\"><\/ol>\n\n\n\n<ol class=\"wp-block-list\"><\/ol>\n\n\n\n<p>En coupant plus de 10 cm, vos cheveux sont donn\u00e9s pour la confection de perruques destin\u00e9es aux personnes atteintes de cancer.<\/p>\n\n\n\n<p><strong>2> Partenariat avec Capillum\u00ae<\/strong><\/p>\n\n\n\n<p>Pour les coupes de moins de 10 cm, rien ne se perd !<\/p>\n\n\n\n<p>Vos cheveux sont collect\u00e9s dans le cadre de notre collaboration avec Capillum, la premi\u00e8re fili\u00e8re de recyclage du cheveu<\/p>\n\n\n\n<p>Leur mission : faire du cheveu la fibre de demain, en cr\u00e9ant des solutions \u00e9cologiques et innovantes au service de la plan\u00e8te<\/p>\n\n\n\n<p><strong>Une coupe = une bonne action<\/strong><\/p>\n\n\n\n<p>Venez prendre soin de vos cheveux tout en contribuant \u00e0 un monde meilleur<\/p>\n","protected":false},"excerpt":{"rendered":"<p>Et si vous faisiez une bonne action pour cl\u00f4turer l\u2019ann\u00e9e&nbsp;? Chez Aux 2 Cheveux, chaque coupe peut faire la diff\u00e9rence gr\u00e2ce \u00e0 nos 2 actions solidaires : 1> Un geste, une m\u00e8che, un sourire retrouv\u00e9 En coupant plus de 10 cm, vos cheveux sont donn\u00e9s pour la confection de perruques destin\u00e9es aux personnes atteintes de [&hellip;]<\/p>\n","protected":false},"author":1,"featured_media":1514,"comment_status":"closed","ping_status":"closed","sticky":false,"template":"","format":"standard","meta":{"footnotes":""},"categories":[6,12],"tags":[],"class_list":["post-1513","post","type-post","status-publish","format-standard","has-post-thumbnail","hentry","category-actualite","category-news"],"_links":{"self":[{"href":"https:\/\/www.aux2cheveux.fr\/index.php\/wp-json\/wp\/v2\/posts\/1513","targetHints":{"allow":["GET"]}}],"collection":[{"href":"https:\/\/www.aux2cheveux.fr\/index.php\/wp-json\/wp\/v2\/posts"}],"about":[{"href":"https:\/\/www.aux2cheveux.fr\/index.php\/wp-json\/wp\/v2\/types\/post"}],"author":[{"embeddable":true,"href":"https:\/\/www.aux2cheveux.fr\/index.php\/wp-json\/wp\/v2\/users\/1"}],"replies":[{"embeddable":true,"href":"https:\/\/www.aux2cheveux.fr\/index.php\/wp-json\/wp\/v2\/comments?post=1513"}],"version-history":[{"count":1,"href":"https:\/\/www.aux2cheveux.fr\/index.php\/wp-json\/wp\/v2\/posts\/1513\/revisions"}],"predecessor-version":[{"id":1515,"href":"https:\/\/www.aux2cheveux.fr\/index.php\/wp-json\/wp\/v2\/posts\/1513\/revisions\/1515"}],"wp:featuredmedia":[{"embeddable":true,"href":"https:\/\/www.aux2cheveux.fr\/index.php\/wp-json\/wp\/v2\/media\/1514"}],"wp:attachment":[{"href":"https:\/\/www.aux2cheveux.fr\/index.php\/wp-json\/wp\/v2\/media?parent=1513"}],"wp:term":[{"taxonomy":"category","embeddable":true,"href":"https:\/\/www.aux2cheveux.fr\/index.php\/wp-json\/wp\/v2\/categories?post=1513"},{"taxonomy":"post_tag","embeddable":true,"href":"https:\/\/www.aux2cheveux.fr\/index.php\/wp-json\/wp\/v2\/tags?post=1513"}],"curies":[{"name":"wp","href":"https:\/\/api.w.org\/{rel}","templated":true}]}}