{"id":1457,"date":"2025-01-06T17:13:54","date_gmt":"2025-01-06T16:13:54","guid":{"rendered":"https:\/\/www.aux2cheveux.fr\/?p=1457"},"modified":"2025-02-24T17:15:28","modified_gmt":"2025-02-24T16:15:28","slug":"de-la-decoloration-jaune-au-babylight-blond-polaire","status":"publish","type":"post","link":"https:\/\/www.aux2cheveux.fr\/index.php\/2025\/01\/06\/de-la-decoloration-jaune-au-babylight-blond-polaire\/","title":{"rendered":"De la d\u00e9coloration jaune au Babylight blond polaire"},"content":{"rendered":"\n<p>Nous avons r\u00e9alis\u00e9 une transformation capillaire spectaculaire en passant d\u2019une d\u00e9coloration jaune \u00e0 un sublime babylight blond polaire \u00e0 d\u00e9couvrir dans notre Apr\u00e8s\/Avant.<\/p>\n\n\n\n<p>Qu\u2019est ce que le Babylight ?<\/p>\n\n\n\n<p>Une technique de balayage avec des m\u00e8ches tr\u00e8s fines.<\/p>\n\n\n\n<p>R\u00e9sultat : un effet lumineux, subtil et ultra-naturel qui donne \u00e0 votre chevelure un \u00e9clat raffin\u00e9.<\/p>\n\n\n\n<p>Pour ce look, nous avons opt\u00e9 pour un blond polaire qui sublime les traits du visage et donne du caract\u00e8re \u00e0 la coupe.<\/p>\n\n\n\n<p>Prenez rendez-vous et laissez-nous vous transformer votre chevelure !<\/p>\n\n\n\n<p><strong>Et n\u2019oubliez pas vous avez la <a href=\"https:\/\/bit.ly\/2xV55AP\">possibilit\u00e9 de prendre vos rendez-vous en ligne<\/a> gratuitement 7j\/7 &amp; 24h\/24 avec PLANITY<\/strong><\/p>\n\n\n\n<figure class=\"wp-block-gallery has-nested-images columns-default is-cropped wp-block-gallery-1 is-layout-flex wp-block-gallery-is-layout-flex\">\n<figure class=\"wp-block-image size-large\"><img loading=\"lazy\" decoding=\"async\" width=\"768\" height=\"960\" data-id=\"1494\" src=\"https:\/\/www.aux2cheveux.fr\/wp-content\/uploads\/baby04.jpg\" alt=\"\" class=\"wp-image-1494\" srcset=\"https:\/\/www.aux2cheveux.fr\/wp-content\/uploads\/baby04.jpg 768w, https:\/\/www.aux2cheveux.fr\/wp-content\/uploads\/baby04-744x930.jpg 744w, https:\/\/www.aux2cheveux.fr\/wp-content\/uploads\/baby04-420x525.jpg 420w\" sizes=\"auto, (max-width: 768px) 100vw, 768px\" \/><\/figure>\n\n\n\n<figure class=\"wp-block-image size-large\"><img loading=\"lazy\" decoding=\"async\" width=\"768\" height=\"960\" data-id=\"1495\" src=\"https:\/\/www.aux2cheveux.fr\/wp-content\/uploads\/baby01.jpg\" alt=\"\" class=\"wp-image-1495\" srcset=\"https:\/\/www.aux2cheveux.fr\/wp-content\/uploads\/baby01.jpg 768w, https:\/\/www.aux2cheveux.fr\/wp-content\/uploads\/baby01-744x930.jpg 744w, https:\/\/www.aux2cheveux.fr\/wp-content\/uploads\/baby01-420x525.jpg 420w\" sizes=\"auto, (max-width: 768px) 100vw, 768px\" \/><\/figure>\n\n\n\n<figure class=\"wp-block-image size-large\"><img loading=\"lazy\" decoding=\"async\" width=\"768\" height=\"960\" data-id=\"1496\" src=\"https:\/\/www.aux2cheveux.fr\/wp-content\/uploads\/baby02.jpg\" alt=\"\" class=\"wp-image-1496\" srcset=\"https:\/\/www.aux2cheveux.fr\/wp-content\/uploads\/baby02.jpg 768w, https:\/\/www.aux2cheveux.fr\/wp-content\/uploads\/baby02-744x930.jpg 744w, https:\/\/www.aux2cheveux.fr\/wp-content\/uploads\/baby02-420x525.jpg 420w\" sizes=\"auto, (max-width: 768px) 100vw, 768px\" \/><\/figure>\n\n\n\n<figure class=\"wp-block-image size-large\"><img loading=\"lazy\" decoding=\"async\" width=\"768\" height=\"960\" data-id=\"1497\" src=\"https:\/\/www.aux2cheveux.fr\/wp-content\/uploads\/baby03.jpg\" alt=\"\" class=\"wp-image-1497\" srcset=\"https:\/\/www.aux2cheveux.fr\/wp-content\/uploads\/baby03.jpg 768w, https:\/\/www.aux2cheveux.fr\/wp-content\/uploads\/baby03-744x930.jpg 744w, https:\/\/www.aux2cheveux.fr\/wp-content\/uploads\/baby03-420x525.jpg 420w\" sizes=\"auto, (max-width: 768px) 100vw, 768px\" \/><\/figure>\n<\/figure>\n","protected":false},"excerpt":{"rendered":"<p>Nous avons r\u00e9alis\u00e9 une transformation capillaire spectaculaire en passant d\u2019une d\u00e9coloration jaune \u00e0 un sublime babylight blond polaire \u00e0 d\u00e9couvrir dans notre Apr\u00e8s\/Avant. Qu\u2019est ce que le Babylight ? Une technique de balayage avec des m\u00e8ches tr\u00e8s fines. R\u00e9sultat : un effet lumineux, subtil et ultra-naturel qui donne \u00e0 votre chevelure un \u00e9clat raffin\u00e9. Pour [&hellip;]<\/p>\n","protected":false},"author":1,"featured_media":1495,"comment_status":"closed","ping_status":"closed","sticky":false,"template":"","format":"standard","meta":{"footnotes":""},"categories":[6,12],"tags":[],"class_list":["post-1457","post","type-post","status-publish","format-standard","has-post-thumbnail","hentry","category-actualite","category-news"],"_links":{"self":[{"href":"https:\/\/www.aux2cheveux.fr\/index.php\/wp-json\/wp\/v2\/posts\/1457","targetHints":{"allow":["GET"]}}],"collection":[{"href":"https:\/\/www.aux2cheveux.fr\/index.php\/wp-json\/wp\/v2\/posts"}],"about":[{"href":"https:\/\/www.aux2cheveux.fr\/index.php\/wp-json\/wp\/v2\/types\/post"}],"author":[{"embeddable":true,"href":"https:\/\/www.aux2cheveux.fr\/index.php\/wp-json\/wp\/v2\/users\/1"}],"replies":[{"embeddable":true,"href":"https:\/\/www.aux2cheveux.fr\/index.php\/wp-json\/wp\/v2\/comments?post=1457"}],"version-history":[{"count":2,"href":"https:\/\/www.aux2cheveux.fr\/index.php\/wp-json\/wp\/v2\/posts\/1457\/revisions"}],"predecessor-version":[{"id":1498,"href":"https:\/\/www.aux2cheveux.fr\/index.php\/wp-json\/wp\/v2\/posts\/1457\/revisions\/1498"}],"wp:featuredmedia":[{"embeddable":true,"href":"https:\/\/www.aux2cheveux.fr\/index.php\/wp-json\/wp\/v2\/media\/1495"}],"wp:attachment":[{"href":"https:\/\/www.aux2cheveux.fr\/index.php\/wp-json\/wp\/v2\/media?parent=1457"}],"wp:term":[{"taxonomy":"category","embeddable":true,"href":"https:\/\/www.aux2cheveux.fr\/index.php\/wp-json\/wp\/v2\/categories?post=1457"},{"taxonomy":"post_tag","embeddable":true,"href":"https:\/\/www.aux2cheveux.fr\/index.php\/wp-json\/wp\/v2\/tags?post=1457"}],"curies":[{"name":"wp","href":"https:\/\/api.w.org\/{rel}","templated":true}]}}