{"id":1270,"date":"2022-01-25T09:10:52","date_gmt":"2022-01-25T08:10:52","guid":{"rendered":"https:\/\/www.aux2cheveux.fr\/?p=1270"},"modified":"2022-02-25T18:06:41","modified_gmt":"2022-02-25T17:06:41","slug":"votre-salon-se-refait-bientot-une-beaute","status":"publish","type":"post","link":"https:\/\/www.aux2cheveux.fr\/index.php\/2022\/01\/25\/votre-salon-se-refait-bientot-une-beaute\/","title":{"rendered":"Votre salon se refait une beaut\u00e9 !"},"content":{"rendered":"\n<p>Votre salon se refait bient\u00f4t une beaut\u00e9 ! <br> <br>Pour cela, nous serons ferm\u00e9s pendant du 6 f\u00e9vrier au 2 mars 2022 !<br>R\u00e9ouverture le 3 mars ! \u2800\u2800<br>Pendant cette pause, vous pourrez toujours prendre RDV  <a href=\"https:\/\/www.planity.com\/aux-deux-cheveux-04000-digne-les-bains-9d2\">avec Planity <\/a> pour notre retour.<br>Vos cheveux ne peuvent pas attendre ? Une permanence vous sera propos\u00e9e au salon Addictif situ\u00e9 8 Avenue du 8 Mai 1945 \u00e0 Digne-les-Bains<\/p>\n\n\n\n<p>Et sans oublier toujours la possibilit\u00e9 de <strong>prendre vos rendez-vous en ligne<\/strong> gratuitement 24h\/24 &amp; 7j\/7 <a href=\"https:\/\/www.planity.com\/aux-deux-cheveux-04000-digne-les-bains-9d2\">avec Planity <\/a> <\/p>\n\n\n\n<p>Aux 2 Cheveux \u2013 22 avenue du Colonel No\u00ebl \u2013 04000 DIGNE-LES-BAINS \u2013 Tel.  04 92 32 46 54 <\/p>\n\n\n<p><!--EndFragment--><\/p>","protected":false},"excerpt":{"rendered":"<p>Votre salon se refait bient\u00f4t une beaut\u00e9 ! Pour cela, nous serons ferm\u00e9s pendant du 6 f\u00e9vrier au 2 mars 2022 !R\u00e9ouverture le 3 mars ! \u2800\u2800Pendant cette pause, vous pourrez toujours prendre RDV avec Planity pour notre retour.Vos cheveux ne peuvent pas attendre ? Une permanence vous sera propos\u00e9e au salon Addictif situ\u00e9 8 [&hellip;]<\/p>\n","protected":false},"author":1,"featured_media":1280,"comment_status":"closed","ping_status":"closed","sticky":false,"template":"","format":"standard","meta":{"footnotes":""},"categories":[6,12],"tags":[],"class_list":["post-1270","post","type-post","status-publish","format-standard","has-post-thumbnail","hentry","category-actualite","category-news"],"_links":{"self":[{"href":"https:\/\/www.aux2cheveux.fr\/index.php\/wp-json\/wp\/v2\/posts\/1270","targetHints":{"allow":["GET"]}}],"collection":[{"href":"https:\/\/www.aux2cheveux.fr\/index.php\/wp-json\/wp\/v2\/posts"}],"about":[{"href":"https:\/\/www.aux2cheveux.fr\/index.php\/wp-json\/wp\/v2\/types\/post"}],"author":[{"embeddable":true,"href":"https:\/\/www.aux2cheveux.fr\/index.php\/wp-json\/wp\/v2\/users\/1"}],"replies":[{"embeddable":true,"href":"https:\/\/www.aux2cheveux.fr\/index.php\/wp-json\/wp\/v2\/comments?post=1270"}],"version-history":[{"count":4,"href":"https:\/\/www.aux2cheveux.fr\/index.php\/wp-json\/wp\/v2\/posts\/1270\/revisions"}],"predecessor-version":[{"id":1278,"href":"https:\/\/www.aux2cheveux.fr\/index.php\/wp-json\/wp\/v2\/posts\/1270\/revisions\/1278"}],"wp:featuredmedia":[{"embeddable":true,"href":"https:\/\/www.aux2cheveux.fr\/index.php\/wp-json\/wp\/v2\/media\/1280"}],"wp:attachment":[{"href":"https:\/\/www.aux2cheveux.fr\/index.php\/wp-json\/wp\/v2\/media?parent=1270"}],"wp:term":[{"taxonomy":"category","embeddable":true,"href":"https:\/\/www.aux2cheveux.fr\/index.php\/wp-json\/wp\/v2\/categories?post=1270"},{"taxonomy":"post_tag","embeddable":true,"href":"https:\/\/www.aux2cheveux.fr\/index.php\/wp-json\/wp\/v2\/tags?post=1270"}],"curies":[{"name":"wp","href":"https:\/\/api.w.org\/{rel}","templated":true}]}}