{"id":1048,"date":"2021-02-09T16:21:51","date_gmt":"2021-02-09T15:21:51","guid":{"rendered":"https:\/\/www.aux2cheveux.fr\/?p=1048"},"modified":"2021-02-09T16:22:47","modified_gmt":"2021-02-09T15:22:47","slug":"nouveaux-horaires","status":"publish","type":"post","link":"https:\/\/www.aux2cheveux.fr\/index.php\/2021\/02\/09\/nouveaux-horaires\/","title":{"rendered":"Nouveaux horaires"},"content":{"rendered":"\n<p>Le salon s\u2019adapte aux mesures sanitaires gouvernementales, d\u00e9sormais <strong>ouverture non-stop du lundi au samedi de 9h \u00e0 18h.<\/strong> Si besoin sur demande rendez-vous possible d\u00e8s 8h en semaine et le dimanche contactez-nous au 04 92 32 46 54.<\/p>\n\n\n\n<p>Toujours attentif \u00e0 votre bien-\u00eatre et \u00e0 votre s\u00e9curit\u00e9 les r\u00e8gles sanitaire Covid 19 sont appliqu\u00e9es par l\u2019ensemble de l\u2019\u00e9quipe. Port du masque et d\u00e9sinfection apr\u00e8s chaque client !<\/p>\n\n\n\n<p>Alors n\u2019h\u00e9sitez pas \u00e0 prendre rapidement rendez-vous  par t\u00e9l\u00e9phone au 04 92 32 46 54, et sans oublier toujours la possibilit\u00e9 de <strong>prendre vos rendez-vous en ligne<\/strong> gratuitement 24h\/24 &amp; 7j\/7 <a href=\"https:\/\/www.planity.com\/aux-deux-cheveux-04000-digne-les-bains-9d2\">avec Planity <\/a> <\/p>\n\n\n\n<p> Aux 2 Cheveux \u2013 22 avenue du Colonel No\u00ebl \u2013 04000 DIGNE-LES-BAINS<\/p>\n","protected":false},"excerpt":{"rendered":"<p>Le salon s\u2019adapte aux mesures sanitaires gouvernementales, d\u00e9sormais ouverture non-stop du lundi au samedi de 9h \u00e0 18h. Si besoin sur demande rendez-vous possible d\u00e8s 8h en semaine et le dimanche contactez-nous au 04 92 32 46 54. Toujours attentif \u00e0 votre bien-\u00eatre et \u00e0 votre s\u00e9curit\u00e9 les r\u00e8gles sanitaire Covid 19 sont appliqu\u00e9es par [&hellip;]<\/p>\n","protected":false},"author":1,"featured_media":1049,"comment_status":"closed","ping_status":"closed","sticky":false,"template":"","format":"standard","meta":{"footnotes":""},"categories":[6,12],"tags":[],"class_list":["post-1048","post","type-post","status-publish","format-standard","has-post-thumbnail","hentry","category-actualite","category-news"],"_links":{"self":[{"href":"https:\/\/www.aux2cheveux.fr\/index.php\/wp-json\/wp\/v2\/posts\/1048","targetHints":{"allow":["GET"]}}],"collection":[{"href":"https:\/\/www.aux2cheveux.fr\/index.php\/wp-json\/wp\/v2\/posts"}],"about":[{"href":"https:\/\/www.aux2cheveux.fr\/index.php\/wp-json\/wp\/v2\/types\/post"}],"author":[{"embeddable":true,"href":"https:\/\/www.aux2cheveux.fr\/index.php\/wp-json\/wp\/v2\/users\/1"}],"replies":[{"embeddable":true,"href":"https:\/\/www.aux2cheveux.fr\/index.php\/wp-json\/wp\/v2\/comments?post=1048"}],"version-history":[{"count":2,"href":"https:\/\/www.aux2cheveux.fr\/index.php\/wp-json\/wp\/v2\/posts\/1048\/revisions"}],"predecessor-version":[{"id":1051,"href":"https:\/\/www.aux2cheveux.fr\/index.php\/wp-json\/wp\/v2\/posts\/1048\/revisions\/1051"}],"wp:featuredmedia":[{"embeddable":true,"href":"https:\/\/www.aux2cheveux.fr\/index.php\/wp-json\/wp\/v2\/media\/1049"}],"wp:attachment":[{"href":"https:\/\/www.aux2cheveux.fr\/index.php\/wp-json\/wp\/v2\/media?parent=1048"}],"wp:term":[{"taxonomy":"category","embeddable":true,"href":"https:\/\/www.aux2cheveux.fr\/index.php\/wp-json\/wp\/v2\/categories?post=1048"},{"taxonomy":"post_tag","embeddable":true,"href":"https:\/\/www.aux2cheveux.fr\/index.php\/wp-json\/wp\/v2\/tags?post=1048"}],"curies":[{"name":"wp","href":"https:\/\/api.w.org\/{rel}","templated":true}]}}