{"id":1019,"date":"2020-07-09T10:31:08","date_gmt":"2020-07-09T09:31:08","guid":{"rendered":"https:\/\/www.aux2cheveux.fr\/?p=1019"},"modified":"2020-07-09T10:31:08","modified_gmt":"2020-07-09T09:31:08","slug":"a-votre-service","status":"publish","type":"post","link":"https:\/\/www.aux2cheveux.fr\/index.php\/2020\/07\/09\/a-votre-service\/","title":{"rendered":"A votre service"},"content":{"rendered":"\n<p>Le salon retrouve son rythme de croisi\u00e8re il y a d\u00e9sormais moins d&rsquo;attente pour obtenir un rendez-vous.<\/p>\n\n\n\n<p>Toujours attentif \u00e0 votre bien-\u00eatre et \u00e0 votre s\u00e9curit\u00e9 les r\u00e8gles sanitaire Covid 19 sont appliqu\u00e9es par l&rsquo;ensemble de l&rsquo;\u00e9quipe.<\/p>\n\n\n\n<p> Port du masque et d\u00e9sinfection apr\u00e8s chaque client !<\/p>\n\n\n\n<p>Alors n\u2019h\u00e9sitez pas \u00e0 prendre rapidement rendez-vous  par t\u00e9l\u00e9phone  au  04 92 32 46 54, et sans oublier toujours la possibilit\u00e9 de <strong>prendre vos rendez-vous en ligne<\/strong> gratuitement 24h\/24 &amp; 7j\/7 <a href=\"https:\/\/www.planity.com\/aux-deux-cheveux-04000-digne-les-bains-9d2\">avec Planity <\/a> <\/p>\n\n\n\n<p> Aux 2 Cheveux \u2013 22 avenue du Colonel No\u00ebl \u2013 04000 DIGNE-LES-BAINS<\/p>\n","protected":false},"excerpt":{"rendered":"<p>Le salon retrouve son rythme de croisi\u00e8re il y a d\u00e9sormais moins d&rsquo;attente pour obtenir un rendez-vous. Toujours attentif \u00e0 votre bien-\u00eatre et \u00e0 votre s\u00e9curit\u00e9 les r\u00e8gles sanitaire Covid 19 sont appliqu\u00e9es par l&rsquo;ensemble de l&rsquo;\u00e9quipe. Port du masque et d\u00e9sinfection apr\u00e8s chaque client ! Alors n\u2019h\u00e9sitez pas \u00e0 prendre rapidement rendez-vous par t\u00e9l\u00e9phone [&hellip;]<\/p>\n","protected":false},"author":1,"featured_media":1020,"comment_status":"closed","ping_status":"closed","sticky":false,"template":"","format":"standard","meta":{"footnotes":""},"categories":[6,12],"tags":[],"class_list":["post-1019","post","type-post","status-publish","format-standard","has-post-thumbnail","hentry","category-actualite","category-news"],"_links":{"self":[{"href":"https:\/\/www.aux2cheveux.fr\/index.php\/wp-json\/wp\/v2\/posts\/1019","targetHints":{"allow":["GET"]}}],"collection":[{"href":"https:\/\/www.aux2cheveux.fr\/index.php\/wp-json\/wp\/v2\/posts"}],"about":[{"href":"https:\/\/www.aux2cheveux.fr\/index.php\/wp-json\/wp\/v2\/types\/post"}],"author":[{"embeddable":true,"href":"https:\/\/www.aux2cheveux.fr\/index.php\/wp-json\/wp\/v2\/users\/1"}],"replies":[{"embeddable":true,"href":"https:\/\/www.aux2cheveux.fr\/index.php\/wp-json\/wp\/v2\/comments?post=1019"}],"version-history":[{"count":1,"href":"https:\/\/www.aux2cheveux.fr\/index.php\/wp-json\/wp\/v2\/posts\/1019\/revisions"}],"predecessor-version":[{"id":1021,"href":"https:\/\/www.aux2cheveux.fr\/index.php\/wp-json\/wp\/v2\/posts\/1019\/revisions\/1021"}],"wp:featuredmedia":[{"embeddable":true,"href":"https:\/\/www.aux2cheveux.fr\/index.php\/wp-json\/wp\/v2\/media\/1020"}],"wp:attachment":[{"href":"https:\/\/www.aux2cheveux.fr\/index.php\/wp-json\/wp\/v2\/media?parent=1019"}],"wp:term":[{"taxonomy":"category","embeddable":true,"href":"https:\/\/www.aux2cheveux.fr\/index.php\/wp-json\/wp\/v2\/categories?post=1019"},{"taxonomy":"post_tag","embeddable":true,"href":"https:\/\/www.aux2cheveux.fr\/index.php\/wp-json\/wp\/v2\/tags?post=1019"}],"curies":[{"name":"wp","href":"https:\/\/api.w.org\/{rel}","templated":true}]}}